{"id":23251,"date":"2024-09-11T14:40:08","date_gmt":"2024-09-11T12:40:08","guid":{"rendered":"https:\/\/asl52.fr\/?p=23251"},"modified":"2024-09-11T14:42:15","modified_gmt":"2024-09-11T12:42:15","slug":"sortie-a-charcenne-et-gy-dans-le-70","status":"publish","type":"post","link":"https:\/\/asl52.fr\/?p=23251","title":{"rendered":"Sortie \u00e0 Charcenne et Gy dans le 70"},"content":{"rendered":"\t\t<div data-elementor-type=\"wp-post\" data-elementor-id=\"23251\" class=\"elementor elementor-23251\">\n\t\t\t\t\t\t<section class=\"elementor-section elementor-top-section elementor-element elementor-element-06b0c45 elementor-section-boxed elementor-section-height-default elementor-section-height-default\" data-id=\"06b0c45\" data-element_type=\"section\">\n\t\t\t\t\t\t<div class=\"elementor-container elementor-column-gap-default\">\n\t\t\t\t\t<div class=\"elementor-column elementor-col-100 elementor-top-column elementor-element elementor-element-39d14e6\" data-id=\"39d14e6\" data-element_type=\"column\">\n\t\t\t<div class=\"elementor-widget-wrap elementor-element-populated\">\n\t\t\t\t\t\t<div class=\"elementor-element elementor-element-dc34f30 elementor-widget elementor-widget-text-editor\" data-id=\"dc34f30\" data-element_type=\"widget\" data-widget_type=\"text-editor.default\">\n\t\t\t\t<div class=\"elementor-widget-container\">\n\t\t\t<style>\/*! elementor - v3.23.0 - 05-08-2024 *\/\n.elementor-widget-text-editor.elementor-drop-cap-view-stacked .elementor-drop-cap{background-color:#69727d;color:#fff}.elementor-widget-text-editor.elementor-drop-cap-view-framed .elementor-drop-cap{color:#69727d;border:3px solid;background-color:transparent}.elementor-widget-text-editor:not(.elementor-drop-cap-view-default) .elementor-drop-cap{margin-top:8px}.elementor-widget-text-editor:not(.elementor-drop-cap-view-default) .elementor-drop-cap-letter{width:1em;height:1em}.elementor-widget-text-editor .elementor-drop-cap{float:left;text-align:center;line-height:1;font-size:50px}.elementor-widget-text-editor .elementor-drop-cap-letter{display:inline-block}<\/style>\t\t\t\t<p>Petit compte-rendu de notre journ\u00e9e en Haute-Sa\u00f4ne<\/p><p>Arriv\u00e9e \u00e0 Charcenne \u00e0 10h00. Direction la fromagerie Milleret avec une visite fort int\u00e9ressante de cet \u00e9tablissement familiale qui a su garder toute son authenticit\u00e9, avec en prime une d\u00e9gustation de leurs fabrications.<\/p><p>La suite de la journ\u00e9e se d\u00e9roulera au restaurant pour ensuite se poursuivre avec 2 parcours de 6 et 10 km situ\u00e9s dans une contr\u00e9e inconnue pour beaucoup avec de superbes paysages.<\/p><p>Au final le groupe des 6km a eu droit \u00e0 une visite impromptue propos\u00e9e par un Gylois particuli\u00e8rement passionn\u00e9 par le patrimoine. Il nous a fait d\u00e9couvrir une tour du 15\u00e8me si\u00e8cle, qu\u2019il a r\u00e9nov\u00e9e pendant de nombreuses ann\u00e9es, une petite visite de sa cave vout\u00e9e de 250m2&#8230; \u00a0Bref, le r\u00e9sultat est tout simplement bluffant, les photos parlent d\u2019elles m\u00eame !<\/p><p>Ce f\u00fbt la conclusion d\u2019une superbe journ\u00e9e pass\u00e9e en compagnie de 25 participants, avec une m\u00e9t\u00e9o id\u00e9ale.<\/p><p><strong><em>NB<\/em><\/strong><\/p>\t\t\t\t\t\t<\/div>\n\t\t\t\t<\/div>\n\t\t\t\t\t<\/div>\n\t\t<\/div>\n\t\t\t\t\t<\/div>\n\t\t<\/section>\n\t\t\t\t<section class=\"elementor-section elementor-top-section elementor-element elementor-element-d687346 elementor-section-boxed elementor-section-height-default elementor-section-height-default\" data-id=\"d687346\" data-element_type=\"section\">\n\t\t\t\t\t\t<div class=\"elementor-container elementor-column-gap-default\">\n\t\t\t\t\t<div class=\"elementor-column elementor-col-25 elementor-top-column elementor-element elementor-element-fa8ea6f\" data-id=\"fa8ea6f\" data-element_type=\"column\">\n\t\t\t<div class=\"elementor-widget-wrap elementor-element-populated\">\n\t\t\t\t\t\t\t<\/div>\n\t\t<\/div>\n\t\t\t\t<div class=\"elementor-column elementor-col-25 elementor-top-column elementor-element elementor-element-101a351\" data-id=\"101a351\" data-element_type=\"column\">\n\t\t\t<div class=\"elementor-widget-wrap elementor-element-populated\">\n\t\t\t\t\t\t\t<\/div>\n\t\t<\/div>\n\t\t\t\t<div class=\"elementor-column elementor-col-25 elementor-top-column elementor-element elementor-element-f4eb0af\" data-id=\"f4eb0af\" data-element_type=\"column\">\n\t\t\t<div class=\"elementor-widget-wrap elementor-element-populated\">\n\t\t\t\t\t\t\t<\/div>\n\t\t<\/div>\n\t\t\t\t<div class=\"elementor-column elementor-col-25 elementor-top-column elementor-element elementor-element-32e966d\" data-id=\"32e966d\" data-element_type=\"column\">\n\t\t\t<div class=\"elementor-widget-wrap elementor-element-populated\">\n\t\t\t\t\t\t\t<\/div>\n\t\t<\/div>\n\t\t\t\t\t<\/div>\n\t\t<\/section>\n\t\t\t\t<\/div>\n\t\t","protected":false},"excerpt":{"rendered":"<p>Petit compte-rendu de notre journ\u00e9e en Haute-Sa\u00f4ne Arriv\u00e9e \u00e0 Charcenne \u00e0 10h00. Direction la fromagerie Milleret avec une visite fort int\u00e9ressante de cet \u00e9tablissement familiale qui a su garder toute son authenticit\u00e9, avec en prime une d\u00e9gustation de leurs fabrications. La suite de la journ\u00e9e se d\u00e9roulera au restaurant pour ensuite se poursuivre avec 2 [&hellip;]<\/p>\n","protected":false},"author":1,"featured_media":0,"comment_status":"open","ping_status":"open","sticky":false,"template":"","format":"standard","meta":{"site-sidebar-layout":"default","site-content-layout":"","ast-site-content-layout":"default","site-content-style":"default","site-sidebar-style":"default","ast-global-header-display":"","ast-banner-title-visibility":"","ast-main-header-display":"","ast-hfb-above-header-display":"","ast-hfb-below-header-display":"","ast-hfb-mobile-header-display":"","site-post-title":"","ast-breadcrumbs-content":"","ast-featured-img":"","footer-sml-layout":"","ast-disable-related-posts":"","theme-transparent-header-meta":"","adv-header-id-meta":"","stick-header-meta":"","header-above-stick-meta":"","header-main-stick-meta":"","header-below-stick-meta":"","astra-migrate-meta-layouts":"set","ast-page-background-enabled":"default","ast-page-background-meta":{"desktop":{"background-color":"var(--ast-global-color-4)","background-image":"","background-repeat":"repeat","background-position":"center center","background-size":"auto","background-attachment":"scroll","background-type":"","background-media":"","overlay-type":"","overlay-color":"","overlay-opacity":"","overlay-gradient":""},"tablet":{"background-color":"","background-image":"","background-repeat":"repeat","background-position":"center center","background-size":"auto","background-attachment":"scroll","background-type":"","background-media":"","overlay-type":"","overlay-color":"","overlay-opacity":"","overlay-gradient":""},"mobile":{"background-color":"","background-image":"","background-repeat":"repeat","background-position":"center center","background-size":"auto","background-attachment":"scroll","background-type":"","background-media":"","overlay-type":"","overlay-color":"","overlay-opacity":"","overlay-gradient":""}},"ast-content-background-meta":{"desktop":{"background-color":"var(--ast-global-color-5)","background-image":"","background-repeat":"repeat","background-position":"center center","background-size":"auto","background-attachment":"scroll","background-type":"","background-media":"","overlay-type":"","overlay-color":"","overlay-opacity":"","overlay-gradient":""},"tablet":{"background-color":"var(--ast-global-color-5)","background-image":"","background-repeat":"repeat","background-position":"center center","background-size":"auto","background-attachment":"scroll","background-type":"","background-media":"","overlay-type":"","overlay-color":"","overlay-opacity":"","overlay-gradient":""},"mobile":{"background-color":"var(--ast-global-color-5)","background-image":"","background-repeat":"repeat","background-position":"center center","background-size":"auto","background-attachment":"scroll","background-type":"","background-media":"","overlay-type":"","overlay-color":"","overlay-opacity":"","overlay-gradient":""}}},"categories":[11],"tags":[],"jetpack_featured_media_url":"","views":"","_links":{"self":[{"href":"https:\/\/asl52.fr\/index.php?rest_route=\/wp\/v2\/posts\/23251"}],"collection":[{"href":"https:\/\/asl52.fr\/index.php?rest_route=\/wp\/v2\/posts"}],"about":[{"href":"https:\/\/asl52.fr\/index.php?rest_route=\/wp\/v2\/types\/post"}],"author":[{"embeddable":true,"href":"https:\/\/asl52.fr\/index.php?rest_route=\/wp\/v2\/users\/1"}],"replies":[{"embeddable":true,"href":"https:\/\/asl52.fr\/index.php?rest_route=%2Fwp%2Fv2%2Fcomments&post=23251"}],"version-history":[{"count":4,"href":"https:\/\/asl52.fr\/index.php?rest_route=\/wp\/v2\/posts\/23251\/revisions"}],"predecessor-version":[{"id":23589,"href":"https:\/\/asl52.fr\/index.php?rest_route=\/wp\/v2\/posts\/23251\/revisions\/23589"}],"wp:attachment":[{"href":"https:\/\/asl52.fr\/index.php?rest_route=%2Fwp%2Fv2%2Fmedia&parent=23251"}],"wp:term":[{"taxonomy":"category","embeddable":true,"href":"https:\/\/asl52.fr\/index.php?rest_route=%2Fwp%2Fv2%2Fcategories&post=23251"},{"taxonomy":"post_tag","embeddable":true,"href":"https:\/\/asl52.fr\/index.php?rest_route=%2Fwp%2Fv2%2Ftags&post=23251"}],"curies":[{"name":"wp","href":"https:\/\/api.w.org\/{rel}","templated":true}]}}